{"id":8227,"date":"2022-07-25T17:03:49","date_gmt":"2022-07-25T14:03:49","guid":{"rendered":"\/?p=8227"},"modified":"2022-11-02T09:36:57","modified_gmt":"2022-11-02T07:36:57","slug":"valokuvakerays-jamsan-opistoseuroista-1963-2022","status":"publish","type":"post","link":"https:\/\/www.jamsanopisto.fi\/en\/valokuvakerays-jamsan-opistoseuroista-1963-2022\/","title":{"rendered":"Valokuvaker\u00e4ys J\u00e4ms\u00e4n opistoseuroista 1963-2022"},"content":{"rendered":"<p><span data-contrast=\"auto\">J\u00e4ms\u00e4n Kristillinen Kansanopisto julkaisee valokuvateoksen elokuussa 2023 J\u00e4ms\u00e4n opistoseuroista, joiden aloittamisesta tulee tuolloin kuluneeksi 60 vuotta. Kirjaa varten pyydet\u00e4\u00e4n valokuvia opistoseuroista vuosilta 1963-2022. Kuvat voivat olla v\u00e4ri- tai mustavalkopaperikuvia tai digitaalisia kuvatiedostoja. Kuvatiedostojen toivotaan olevan joko tif- tai jpg-muodossa. Kuvien yhteyteen tulisi liitt\u00e4\u00e4 tiedot kuvaajan nimest\u00e4, opistoseurojen vuosiluku, kuvassa esiintyvien henkil\u00f6iden nimet ym. olennaisia tietoja. My\u00f6s kuvan omistajan nimi ja yhteystiedot tarvitaan. Kuvia ker\u00e4t\u00e4\u00e4n lokakuun loppuun saakka ja ne voi l\u00e4hett\u00e4\u00e4 opistoon: Kurssisuunnittelija, Ruotsulantie 42, 42100 J\u00e4ms\u00e4 tai s\u00e4hk\u00f6postin liitteen\u00e4: ari.pelkonen@jamsanopisto.fi. Paperikuvia ei toivota laadun heikkenemisen vuoksi kuvattavan digitaaliseksi. Tekstiviestin\u00e4 l\u00e4hetett\u00e4vi\u00e4 kuvia ei my\u00f6sk\u00e4\u00e4n toivota. Paperikuvat skannataan opistolla ja palautetaan l\u00e4hett\u00e4j\u00e4lle. Eth\u00e4n l\u00e4het\u00e4 kuvia opiston lukuvuosilta, vaan opistoseuroista. Jos itsell\u00e4si ei ole kuvia, kysyisitk\u00f6 niit\u00e4 vanhemmiltasi tai isovanhemmilta? Kiitos avustasi!<\/span><span data-ccp-props=\"{&quot;201341983&quot;:0,&quot;335559739&quot;:160,&quot;335559740&quot;:259}\">\u00a0<\/span><\/p>","protected":false},"excerpt":{"rendered":"<p>J\u00e4ms\u00e4n Kristillinen Kansanopisto julkaisee valokuvateoksen elokuussa 2023 J\u00e4ms\u00e4n opistoseuroista, joiden aloittamisesta tulee tuolloin kuluneeksi 60 vuotta. Kirjaa varten pyydet\u00e4\u00e4n valokuvia opistoseuroista vuosilta 1963-2022. Kuvat voivat olla v\u00e4ri- tai mustavalkopaperikuvia tai digitaalisia kuvatiedostoja. Kuvatiedostojen toivotaan olevan joko tif- tai jpg-muodossa. Kuvien yhteyteen tulisi liitt\u00e4\u00e4 tiedot kuvaajan nimest\u00e4, opistoseurojen vuosiluku, kuvassa esiintyvien henkil\u00f6iden nimet ym. olennaisia tietoja. [&hellip;]<\/p>\n","protected":false},"author":1,"featured_media":0,"comment_status":"closed","ping_status":"open","sticky":false,"template":"","format":"standard","meta":{"footnotes":""},"categories":[13],"tags":[],"class_list":["post-8227","post","type-post","status-publish","format-standard","hentry","category-ajankohtaista"],"_links":{"self":[{"href":"https:\/\/www.jamsanopisto.fi\/en\/wp-json\/wp\/v2\/posts\/8227","targetHints":{"allow":["GET"]}}],"collection":[{"href":"https:\/\/www.jamsanopisto.fi\/en\/wp-json\/wp\/v2\/posts"}],"about":[{"href":"https:\/\/www.jamsanopisto.fi\/en\/wp-json\/wp\/v2\/types\/post"}],"author":[{"embeddable":true,"href":"https:\/\/www.jamsanopisto.fi\/en\/wp-json\/wp\/v2\/users\/1"}],"replies":[{"embeddable":true,"href":"https:\/\/www.jamsanopisto.fi\/en\/wp-json\/wp\/v2\/comments?post=8227"}],"version-history":[{"count":0,"href":"https:\/\/www.jamsanopisto.fi\/en\/wp-json\/wp\/v2\/posts\/8227\/revisions"}],"wp:attachment":[{"href":"https:\/\/www.jamsanopisto.fi\/en\/wp-json\/wp\/v2\/media?parent=8227"}],"wp:term":[{"taxonomy":"category","embeddable":true,"href":"https:\/\/www.jamsanopisto.fi\/en\/wp-json\/wp\/v2\/categories?post=8227"},{"taxonomy":"post_tag","embeddable":true,"href":"https:\/\/www.jamsanopisto.fi\/en\/wp-json\/wp\/v2\/tags?post=8227"}],"curies":[{"name":"wp","href":"https:\/\/api.w.org\/{rel}","templated":true}]}}