{"id":10695,"date":"2024-03-14T11:56:48","date_gmt":"2024-03-14T09:56:48","guid":{"rendered":"https:\/\/www.jamsanopisto.fi\/?p=10695"},"modified":"2024-05-16T11:52:47","modified_gmt":"2024-05-16T08:52:47","slug":"paasiaislaulutapahtuma-23-3-2024","status":"publish","type":"post","link":"https:\/\/www.jamsanopisto.fi\/en\/paasiaislaulutapahtuma-23-3-2024\/","title":{"rendered":"P\u00e4\u00e4si\u00e4islaulutapahtuma 23.3.2024"},"content":{"rendered":"<p><\/p>\n<p><b>P\u00e4\u00e4si\u00e4isen aikaan liittyv\u00e4 ohjelmallinen musiikki-ilta J\u00e4ms\u00e4n Opistolla la 23.3.2024 klo 18.00.<\/b><\/p>\n<p><\/p>\n<p>Kristuksen k\u00e4rsimykseen, kuolemaan ja yl\u00f6snousemukseen liittyv\u00e4\u00e4 musiikkia. Sovituksia eri kuoro- ja soitinkokoonpanoille. Lausuntaa ja yhteislaulua. Lopuksi hartaus ja iltapala. Tapahtuman tuotto menee opiskelijoiden opintomatkan hyv\u00e4ksi.<\/p>\n<p>Voit seurata musiikki-iltaa opiston Youtube-kanavalla <a href=\"https:\/\/youtube.com\/live\/23cFm-bRG-I\">t\u00e4st\u00e4 linkist\u00e4<\/a>.<\/p>\n<p>Tervetuloa mukaan!<\/p>\n<p><\/p>\t\t\n\t\t\t<style>\/*! elementor - v3.19.0 - 29-01-2024 *\/\n.elementor-widget-image{text-align:center}.elementor-widget-image a{display:inline-block}.elementor-widget-image a img[src$=\".svg\"]{width:48px}.elementor-widget-image img{vertical-align:middle;display:inline-block}<\/style>\t\t\t\t\t\t\t\t\t\t\t<a href=\"https:\/\/youtube.com\/live\/23cFm-bRG-I\">\n\t\t\t\t\t\t\t<img fetchpriority=\"high\" decoding=\"async\" width=\"768\" height=\"450\" src=\"https:\/\/www.jamsanopisto.fi\/wp-content\/uploads\/2024\/03\/Paasiaislaulutilaisuus-alkukuva-Valmis-web-768x450.png\" alt=\"\" srcset=\"https:\/\/www.jamsanopisto.fi\/wp-content\/uploads\/2024\/03\/Paasiaislaulutilaisuus-alkukuva-Valmis-web-768x450.png 768w, https:\/\/www.jamsanopisto.fi\/wp-content\/uploads\/2024\/03\/Paasiaislaulutilaisuus-alkukuva-Valmis-web-310x182.png 310w, https:\/\/www.jamsanopisto.fi\/wp-content\/uploads\/2024\/03\/Paasiaislaulutilaisuus-alkukuva-Valmis-web-18x12.png 18w, https:\/\/www.jamsanopisto.fi\/wp-content\/uploads\/2024\/03\/Paasiaislaulutilaisuus-alkukuva-Valmis-web.png 960w\" sizes=\"(max-width: 768px) 100vw, 768px\" \/>\t\t\t\t\t\t\t\t<\/a>","protected":false},"excerpt":{"rendered":"<p>P\u00e4\u00e4si\u00e4isen aikaan liittyv\u00e4 ohjelmallinen musiikki-ilta J\u00e4ms\u00e4n Opistolla la 23.3.2024 klo 18.00. Kristuksen k\u00e4rsimykseen, kuolemaan ja yl\u00f6snousemukseen liittyv\u00e4\u00e4 musiikkia. Sovituksia eri kuoro- ja soitinkokoonpanoille. Lausuntaa ja yhteislaulua. Lopuksi hartaus ja iltapala. Tapahtuman tuotto menee opiskelijoiden opintomatkan hyv\u00e4ksi. Voit seurata musiikki-iltaa opiston Youtube-kanavalla t\u00e4st\u00e4 linkist\u00e4. Tervetuloa mukaan!<\/p>","protected":false},"author":3,"featured_media":10822,"comment_status":"open","ping_status":"open","sticky":false,"template":"","format":"standard","meta":{"footnotes":""},"categories":[1],"tags":[],"class_list":["post-10695","post","type-post","status-publish","format-standard","has-post-thumbnail","hentry","category-uncategorized"],"_links":{"self":[{"href":"https:\/\/www.jamsanopisto.fi\/en\/wp-json\/wp\/v2\/posts\/10695","targetHints":{"allow":["GET"]}}],"collection":[{"href":"https:\/\/www.jamsanopisto.fi\/en\/wp-json\/wp\/v2\/posts"}],"about":[{"href":"https:\/\/www.jamsanopisto.fi\/en\/wp-json\/wp\/v2\/types\/post"}],"author":[{"embeddable":true,"href":"https:\/\/www.jamsanopisto.fi\/en\/wp-json\/wp\/v2\/users\/3"}],"replies":[{"embeddable":true,"href":"https:\/\/www.jamsanopisto.fi\/en\/wp-json\/wp\/v2\/comments?post=10695"}],"version-history":[{"count":0,"href":"https:\/\/www.jamsanopisto.fi\/en\/wp-json\/wp\/v2\/posts\/10695\/revisions"}],"wp:featuredmedia":[{"embeddable":true,"href":"https:\/\/www.jamsanopisto.fi\/en\/wp-json\/wp\/v2\/media\/10822"}],"wp:attachment":[{"href":"https:\/\/www.jamsanopisto.fi\/en\/wp-json\/wp\/v2\/media?parent=10695"}],"wp:term":[{"taxonomy":"category","embeddable":true,"href":"https:\/\/www.jamsanopisto.fi\/en\/wp-json\/wp\/v2\/categories?post=10695"},{"taxonomy":"post_tag","embeddable":true,"href":"https:\/\/www.jamsanopisto.fi\/en\/wp-json\/wp\/v2\/tags?post=10695"}],"curies":[{"name":"wp","href":"https:\/\/api.w.org\/{rel}","templated":true}]}}